{"id":883,"date":"2018-02-08T13:35:07","date_gmt":"2018-02-08T12:35:07","guid":{"rendered":"http:\/\/www.bastelladen-dors.de\/?p=883"},"modified":"2020-04-04T10:09:26","modified_gmt":"2020-04-04T09:09:26","slug":"karneval-2018","status":"publish","type":"post","link":"http:\/\/www.bastelladen-dors.de\/?p=883","title":{"rendered":"Karneval"},"content":{"rendered":"<h2>Rosenmontag bleibt unser Gesch\u00e4ft geschlossen. Wir w\u00fcnschen sch\u00f6ne Karnevalstage!!!<img loading=\"lazy\" decoding=\"async\" class=\"aligncenter size-full wp-image-884\" src=\"http:\/\/www.bastelladen-dors.de\/wp-content\/uploads\/rosenmontag.jpg\" alt=\"\" width=\"3072\" height=\"4608\" srcset=\"http:\/\/www.bastelladen-dors.de\/wp-content\/uploads\/rosenmontag.jpg 3072w, http:\/\/www.bastelladen-dors.de\/wp-content\/uploads\/rosenmontag-200x300.jpg 200w, http:\/\/www.bastelladen-dors.de\/wp-content\/uploads\/rosenmontag-768x1152.jpg 768w, http:\/\/www.bastelladen-dors.de\/wp-content\/uploads\/rosenmontag-683x1024.jpg 683w, http:\/\/www.bastelladen-dors.de\/wp-content\/uploads\/rosenmontag-100x150.jpg 100w\" sizes=\"auto, (max-width: 3072px) 100vw, 3072px\" \/><\/h2>\n","protected":false},"excerpt":{"rendered":"<p>Rosenmontag bleibt unser Gesch\u00e4ft geschlossen. Wir w\u00fcnschen sch\u00f6ne Karnevalstage!!! <a class=\"continue-reading-link\" href=\"http:\/\/www.bastelladen-dors.de\/?p=883\">weiter lesen<\/a><\/p>\n","protected":false},"author":1,"featured_media":885,"comment_status":"closed","ping_status":"closed","sticky":false,"template":"","format":"standard","meta":{"footnotes":""},"categories":[1],"tags":[],"class_list":["post-883","post","type-post","status-publish","format-standard","has-post-thumbnail","hentry","category-allgemein"],"_links":{"self":[{"href":"http:\/\/www.bastelladen-dors.de\/index.php?rest_route=\/wp\/v2\/posts\/883","targetHints":{"allow":["GET"]}}],"collection":[{"href":"http:\/\/www.bastelladen-dors.de\/index.php?rest_route=\/wp\/v2\/posts"}],"about":[{"href":"http:\/\/www.bastelladen-dors.de\/index.php?rest_route=\/wp\/v2\/types\/post"}],"author":[{"embeddable":true,"href":"http:\/\/www.bastelladen-dors.de\/index.php?rest_route=\/wp\/v2\/users\/1"}],"replies":[{"embeddable":true,"href":"http:\/\/www.bastelladen-dors.de\/index.php?rest_route=%2Fwp%2Fv2%2Fcomments&post=883"}],"version-history":[{"count":2,"href":"http:\/\/www.bastelladen-dors.de\/index.php?rest_route=\/wp\/v2\/posts\/883\/revisions"}],"predecessor-version":[{"id":927,"href":"http:\/\/www.bastelladen-dors.de\/index.php?rest_route=\/wp\/v2\/posts\/883\/revisions\/927"}],"wp:featuredmedia":[{"embeddable":true,"href":"http:\/\/www.bastelladen-dors.de\/index.php?rest_route=\/wp\/v2\/media\/885"}],"wp:attachment":[{"href":"http:\/\/www.bastelladen-dors.de\/index.php?rest_route=%2Fwp%2Fv2%2Fmedia&parent=883"}],"wp:term":[{"taxonomy":"category","embeddable":true,"href":"http:\/\/www.bastelladen-dors.de\/index.php?rest_route=%2Fwp%2Fv2%2Fcategories&post=883"},{"taxonomy":"post_tag","embeddable":true,"href":"http:\/\/www.bastelladen-dors.de\/index.php?rest_route=%2Fwp%2Fv2%2Ftags&post=883"}],"curies":[{"name":"wp","href":"https:\/\/api.w.org\/{rel}","templated":true}]}}